{"id":5542,"date":"2020-11-13T17:22:32","date_gmt":"2020-11-13T17:22:32","guid":{"rendered":"https:\/\/steaphancubair.com\/?p=5542"},"modified":"2023-04-07T12:34:54","modified_gmt":"2023-04-07T11:34:54","slug":"book-1-the-servant-of-the-light-the-lascombes-declaration","status":"publish","type":"post","link":"https:\/\/steaphancubair.com\/fr\/servantsofthelight\/book-1-the-servant-of-the-light-the-lascombes-declaration\/","title":{"rendered":"Livre I : Le Serviteur de la Lumi\u00e8re - La D\u00e9claration Lascombes"},"content":{"rendered":"<div data-elementor-type=\"wp-post\" data-elementor-id=\"5542\" class=\"elementor elementor-5542\" data-elementor-post-type=\"post\">\n\t\t\t\t\t\t<section class=\"elementor-section elementor-top-section elementor-element elementor-element-c692b07 elementor-section-boxed elementor-section-height-default elementor-section-height-default\" data-id=\"c692b07\" data-element_type=\"section\" data-e-type=\"section\">\n\t\t\t\t\t\t<div class=\"elementor-container elementor-column-gap-default\">\n\t\t\t\t\t<div class=\"elementor-column elementor-col-100 elementor-top-column elementor-element elementor-element-9a38b9f\" data-id=\"9a38b9f\" data-element_type=\"column\" data-e-type=\"column\">\n\t\t\t<div class=\"elementor-widget-wrap elementor-element-populated\">\n\t\t\t\t\t\t<div class=\"elementor-element elementor-element-1c0d39f elementor-widget elementor-widget-text-editor\" data-id=\"1c0d39f\" data-element_type=\"widget\" data-e-type=\"widget\" data-widget_type=\"text-editor.default\">\n\t\t\t\t<div class=\"elementor-widget-container\">\n\t\t\t\t\t\t\t\t\t<p>\"Madame la Pr\u00e9sidente, Monsieur le Pr\u00e9sident du Parle-ment, honorables chefs d'\u00c9tat et de gouvernement, honorables membres de la Commission et du Parlement, citoyens de l'Europe.<\/p><p>Autorisez-moi de me joindre \u00e0 mes coll\u00e8gues et amis pour r\u00e9affirmer qu'aujourd'hui n'est pas un jour ordinaire. Non, aujourd'hui est un jour sans pr\u00e9c\u00e9dent dans l'histoire de ce continent. Notre continent. Nous sommes tous r\u00e9unis dans ce b\u00e2timent remarquable, symbole de nos institutions d\u00e9mocratiques, pour c\u00e9l\u00e9brer un \u00e9v\u00e8nement que l'Europe n'a jamais connu par le pass\u00e9 : une union de volont\u00e9s, et non une union de contraintes.<\/p><p>Pendant des si\u00e8cles, chacune de nos nations a inconsid\u00e9r\u00e9ment emprunt\u00e9 les chemins de la discorde, de la haine, de la domination et de la trahison, aveugl\u00e9e par l\u2019affirmation de sa droiture. En d\u00e9pit de nombreuses tentatives sinc\u00e8res de renforcer nos liens et de s'accrocher \u00e0 un objectif commun, nos vieux d\u00e9mons continuaient de nous poss\u00e9der. En cons\u00e9quence, les si\u00e8cles s'\u00e9coul\u00e8rent, sacrifiant des millions d'\u00e2mes innocentes tels des accessoires insignifiants. En tant que dirigeants, nous demeurons, malgr\u00e9 nous, les gardiens de cet h\u00e9ritage insens\u00e9 et horrible fait de sang et de larmes. Nous ne devons plus accepter d\u2019\u00eatre les complices silencieux de ces actes et de continuer \u00e0 nous cacher la t\u00eate dans le sable.<\/p><p>Aujourd'hui, le temps est enfin venu de nous racheter et de procurer aux g\u00e9n\u00e9rations futures les espoirs si longtemps refus\u00e9s aux pr\u00e9c\u00e9dentes. Il est de notre devoir sacr\u00e9 de contempler cette liste interminable d'erreurs pass\u00e9es et de nous assurer que, dor\u00e9navant, nous engagerons les \u00e9tapes et les actions n\u00e9cessaires pour prot\u00e9ger et d\u00e9fendre les droits fondamentaux auxquels chaque individu sous notre responsabilit\u00e9 a droit. Maintenant, plus que jamais, alors que nous sommes collectivement confront\u00e9s \u00e0 un avenir pr\u00e9caire. Quand notre libert\u00e9 et nos valeurs universelles sont menac\u00e9es \u00e0 notre porte. Quand, de l'autre c\u00f4t\u00e9 de l'Atlantique, la nation qui repr\u00e9sentait autrefois le phare de la d\u00e9mocratie et de la libert\u00e9 est confront\u00e9e \u00e0 sa pire crise d'identit\u00e9 depuis 1861, plongeant des r\u00e9gions enti\u00e8res du globe dans la tourmente politique et l'incertitude. Lorsque certains groupes religieux et factions politiques tentent de nous dicter notre mode de vie. Lorsque, enfin, l'essence m\u00eame de la vie sur cette plan\u00e8te et notre propre existence en tant qu'esp\u00e8ce sont en jeu.<\/p><p>Par cons\u00e9quent, comme Pr\u00e9sident \u00e9lu de la France, avec l'approbation de mon Parlement national, j'engage mon pays au service de notre nouvelle F\u00e9d\u00e9ration. \u00c0 ce titre, je renonce officiellement \u00e0 nos pouvoirs r\u00e9galiens et jure all\u00e9geance \u00e0 sa Constitution ad Perpetuum.<\/p><p>Mais pas uniquement. Nous, vos repr\u00e9sentants, pronon\u00e7ons ce v\u0153u solennel en cette aube nouvelle. Nous ne pouvons pas, et ne voulons pas, demeurer des t\u00e9moins silencieux alors que le monde s'enfonce lentement dans la folie. Pour citer Maurice Schumann, il y a cent ans,<em>\"la paix mondiale ne peut \u00eatre sauvegard\u00e9e sans un effort cr\u00e9ateur proportionn\u00e9 aux dangers qui la menacent. La contribution qu'une Europe organis\u00e9e et vivante peut apporter \u00e0 la civilisation est indispensable au maintien des relations pacifiques\".<\/em>\u2019<\/p><p>Mes chers concitoyens, adressons ce message par-del\u00e0 les continents : ne perdez pas confiance, l'Europe est \u00e0 vos c\u00f4t\u00e9s ! Et, c'est l\u00e0 tout l'enjeu de la r\u00e9alisation d'aujourd'hui. L'humanit\u00e9 vit un moment crucial de son histoire. En saisissant cette occasion d'unir ses forces et de rompre les liens qui nous paralysent, notre Union montre la voie vers un monde plus stable en parlant d'une seule voix. Le jour o\u00f9 l'Inde est devenue ind\u00e9pendante, le Premier ministre Jawaharlal Nerhu a d\u00e9clar\u00e9 \u00e0 sa nation :<em>\"Pourtant, le moment d\u00e9cisif est pass\u00e9, et l'histoire recommence pour nous, l'histoire que nous vivrons et agirons, et que d'autres \u00e9criront\".<\/em>Cette sagesse doit devenir la n\u00f4tre.<\/p><p>En cet instant pr\u00e9cis, les nations de la Terre nous re-gardent fixement, certaines avec louange, d'autres avec crainte. Aux premi\u00e8res, nous disons : \u00ab Nous sommes honor\u00e9s de votre confiance \u00bb. Aux secondes, nous d\u00e9clarons, \u00ab Nous ne sommes pas vos ennemis, respectez-nous, et nous vous respecterons \u00e9galement \u00bb. Oui, j\u2019en conviens ; ce sont des mots substantiels g\u00e9n\u00e9rant des attentes \u00e9lev\u00e9es. La prochaine administration a l'obligation morale de les mettre en \u0153uvre. Nous prenons cet engagement devant vous. Conscients que l'\u00e9chec de cette d\u00e9marche ram\u00e8nera irr\u00e9versiblement l'horloge au point de non-retour. C'est le moment charni\u00e8re o\u00f9 nous rejetons nos vieux d\u00e9mons, une fois pour toutes, et o\u00f9 nous nous engageons \u00e0 assurer la stabilit\u00e9 et la prosp\u00e9rit\u00e9 de ceux \u00e0 qui nous sont d\u00e9sormais redevables.<\/p><p>Je conclurai mon propos en citant une ancienne Premi\u00e8re ministre britannique. En 2002, elle affirma que l'Union europ\u00e9enne \u00e9tait un<em>\"projet utopique classique, un monument \u00e0 la vanit\u00e9 des intellec-tuels, un programme dont le destin in\u00e9vitable est l'\u00e9chec.\"<\/em>Permettez-moi de vous le dire haut et fort : en ce jour du 25 mars 2057, nous lui donnons tort. L'Union europ\u00e9enne n'a pas \u00e9chou\u00e9 ! Elle n'a pas \u00e9chou\u00e9 parce que nous sommes d\u00e9termin\u00e9s \u00e0 r\u00e9aliser l'impossible.<\/p><p>Longue vie \u00e0 la F\u00e9d\u00e9ration Unie d'Europe ! Merci !\"<\/p>\t\t\t\t\t\t\t\t<\/div>\n\t\t\t\t<\/div>\n\t\t\t\t\t<\/div>\n\t\t<\/div>\n\t\t\t\t\t<\/div>\n\t\t<\/section>\n\t\t\t\t<\/div>","protected":false},"excerpt":{"rendered":"<p>&#8220;Madam President, Mister President of the Parliament, honourable Heads of State and Government, estimated Members of the Commission and the Parliament, citizens of Europe. Allow me to join my colleagues and friends in reaffirming that today is no ordinary day. No, today is an unprecedented day in the history of this continent. Our continent. We&hellip;&nbsp;<a href=\"https:\/\/steaphancubair.com\/fr\/servantsofthelight\/book-1-the-servant-of-the-light-the-lascombes-declaration\/\" rel=\"bookmark\">Lire la suite &raquo;<span class=\"screen-reader-text\">Livre I : Le Serviteur de la Lumi\u00e8re - La D\u00e9claration Lascombes<\/span><\/a><\/p>","protected":false},"author":1,"featured_media":6528,"comment_status":"open","ping_status":"closed","sticky":false,"template":"","format":"standard","meta":{"om_disable_all_campaigns":false,"_uag_custom_page_level_css":"","_monsterinsights_skip_tracking":false,"_monsterinsights_sitenote_active":false,"_monsterinsights_sitenote_note":"","_monsterinsights_sitenote_category":0,"_uf_show_specific_survey":0,"_uf_disable_surveys":false,"neve_meta_sidebar":"","neve_meta_container":"","neve_meta_enable_content_width":"","neve_meta_content_width":0,"neve_meta_title_alignment":"","neve_meta_author_avatar":"","neve_post_elements_order":"","neve_meta_disable_header":"","neve_meta_disable_footer":"","neve_meta_disable_title":"","_themeisle_gutenberg_block_has_review":false,"footnotes":""},"categories":[29],"tags":[],"class_list":["post-5542","post","type-post","status-publish","format-standard","has-post-thumbnail","hentry","category-servantsofthelight"],"aioseo_notices":[],"uagb_featured_image_src":{"full":["https:\/\/mlo8vfltrot8.i.optimole.com\/w:auto\/h:auto\/q:mauto\/f:best\/ig:avif\/https:\/\/steaphancubair.com\/wp-content\/uploads\/2022\/12\/Front-cover-web2.jpg",409,622,false],"thumbnail":["https:\/\/mlo8vfltrot8.i.optimole.com\/w:150\/h:150\/q:mauto\/rt:fill\/g:ce\/f:best\/ig:avif\/https:\/\/steaphancubair.com\/wp-content\/uploads\/2022\/12\/Front-cover-web2.jpg",150,150,true],"medium":["https:\/\/mlo8vfltrot8.i.optimole.com\/w:197\/h:300\/q:mauto\/f:best\/ig:avif\/https:\/\/steaphancubair.com\/wp-content\/uploads\/2022\/12\/Front-cover-web2.jpg",197,300,true],"medium_large":["https:\/\/mlo8vfltrot8.i.optimole.com\/w:auto\/h:auto\/q:mauto\/f:best\/ig:avif\/https:\/\/steaphancubair.com\/wp-content\/uploads\/2022\/12\/Front-cover-web2.jpg",409,622,false],"large":["https:\/\/mlo8vfltrot8.i.optimole.com\/w:auto\/h:auto\/q:mauto\/f:best\/ig:avif\/https:\/\/steaphancubair.com\/wp-content\/uploads\/2022\/12\/Front-cover-web2.jpg",409,622,false],"1536x1536":["https:\/\/mlo8vfltrot8.i.optimole.com\/w:auto\/h:auto\/q:mauto\/f:best\/ig:avif\/https:\/\/steaphancubair.com\/wp-content\/uploads\/2022\/12\/Front-cover-web2.jpg",409,622,false],"2048x2048":["https:\/\/mlo8vfltrot8.i.optimole.com\/w:auto\/h:auto\/q:mauto\/f:best\/ig:avif\/https:\/\/steaphancubair.com\/wp-content\/uploads\/2022\/12\/Front-cover-web2.jpg",409,622,false],"trp-custom-language-flag":["https:\/\/mlo8vfltrot8.i.optimole.com\/w:auto\/h:auto\/q:mauto\/f:best\/ig:avif\/https:\/\/steaphancubair.com\/wp-content\/uploads\/2022\/12\/Front-cover-web2.jpg",8,12,false],"htmega_size_585x295":["https:\/\/mlo8vfltrot8.i.optimole.com\/w:409\/h:295\/q:mauto\/f:best\/ig:avif\/https:\/\/steaphancubair.com\/wp-content\/uploads\/2022\/12\/Front-cover-web2.jpg",409,295,true],"htmega_size_1170x536":["https:\/\/mlo8vfltrot8.i.optimole.com\/w:409\/h:536\/q:mauto\/f:best\/ig:avif\/https:\/\/steaphancubair.com\/wp-content\/uploads\/2022\/12\/Front-cover-web2.jpg",409,536,true],"htmega_size_396x360":["https:\/\/mlo8vfltrot8.i.optimole.com\/w:396\/h:360\/q:mauto\/rt:fill\/g:ce\/f:best\/ig:avif\/https:\/\/steaphancubair.com\/wp-content\/uploads\/2022\/12\/Front-cover-web2.jpg",396,360,true],"neve-blog":["https:\/\/mlo8vfltrot8.i.optimole.com\/w:409\/h:620\/q:mauto\/f:best\/ig:avif\/https:\/\/steaphancubair.com\/wp-content\/uploads\/2022\/12\/Front-cover-web2.jpg",409,620,true],"awb_sm":["https:\/\/mlo8vfltrot8.i.optimole.com\/w:auto\/h:auto\/q:mauto\/f:best\/ig:avif\/https:\/\/steaphancubair.com\/wp-content\/uploads\/2022\/12\/Front-cover-web2.jpg",409,622,false],"awb_md":["https:\/\/mlo8vfltrot8.i.optimole.com\/w:auto\/h:auto\/q:mauto\/f:best\/ig:avif\/https:\/\/steaphancubair.com\/wp-content\/uploads\/2022\/12\/Front-cover-web2.jpg",409,622,false],"awb_lg":["https:\/\/mlo8vfltrot8.i.optimole.com\/w:auto\/h:auto\/q:mauto\/f:best\/ig:avif\/https:\/\/steaphancubair.com\/wp-content\/uploads\/2022\/12\/Front-cover-web2.jpg",409,622,false],"awb_xl":["https:\/\/mlo8vfltrot8.i.optimole.com\/w:auto\/h:auto\/q:mauto\/f:best\/ig:avif\/https:\/\/steaphancubair.com\/wp-content\/uploads\/2022\/12\/Front-cover-web2.jpg",409,622,false]},"uagb_author_info":{"display_name":"Stephan Cooper","author_link":"https:\/\/steaphancubair.com\/fr\/author\/steaphan\/"},"uagb_comment_info":0,"uagb_excerpt":"&#8220;Madam President, Mister President of the Parliament, honourable Heads of State and Government, estimated Members of the Commission and the Parliament, citizens of Europe. Allow me to join my colleagues and friends in reaffirming that today is no ordinary day. No, today is an unprecedented day in the history of this continent. Our continent. We&hellip;&nbsp;Lire\u2026","_links":{"self":[{"href":"https:\/\/steaphancubair.com\/fr\/wp-json\/wp\/v2\/posts\/5542","targetHints":{"allow":["GET"]}}],"collection":[{"href":"https:\/\/steaphancubair.com\/fr\/wp-json\/wp\/v2\/posts"}],"about":[{"href":"https:\/\/steaphancubair.com\/fr\/wp-json\/wp\/v2\/types\/post"}],"author":[{"embeddable":true,"href":"https:\/\/steaphancubair.com\/fr\/wp-json\/wp\/v2\/users\/1"}],"replies":[{"embeddable":true,"href":"https:\/\/steaphancubair.com\/fr\/wp-json\/wp\/v2\/comments?post=5542"}],"version-history":[{"count":34,"href":"https:\/\/steaphancubair.com\/fr\/wp-json\/wp\/v2\/posts\/5542\/revisions"}],"predecessor-version":[{"id":7071,"href":"https:\/\/steaphancubair.com\/fr\/wp-json\/wp\/v2\/posts\/5542\/revisions\/7071"}],"wp:featuredmedia":[{"embeddable":true,"href":"https:\/\/steaphancubair.com\/fr\/wp-json\/wp\/v2\/media\/6528"}],"wp:attachment":[{"href":"https:\/\/steaphancubair.com\/fr\/wp-json\/wp\/v2\/media?parent=5542"}],"wp:term":[{"taxonomy":"category","embeddable":true,"href":"https:\/\/steaphancubair.com\/fr\/wp-json\/wp\/v2\/categories?post=5542"},{"taxonomy":"post_tag","embeddable":true,"href":"https:\/\/steaphancubair.com\/fr\/wp-json\/wp\/v2\/tags?post=5542"}],"curies":[{"name":"wp","href":"https:\/\/api.w.org\/{rel}","templated":true}]}}